{"id":2994,"date":"2026-08-30T20:13:34","date_gmt":"2026-08-31T01:13:34","guid":{"rendered":"https:\/\/lavozdelanoticia.com\/noticias\/?p=2994"},"modified":"2026-08-30T20:13:36","modified_gmt":"2026-08-31T01:13:36","slug":"rinde-protesta-el-colegio-nacional-voces-legales-en-cancun","status":"publish","type":"post","link":"https:\/\/lavozdelanoticia.com\/noticias\/?p=2994","title":{"rendered":"Rinde protesta el Colegio Nacional Voces Legales en Canc\u00fan"},"content":{"rendered":"\n<p class=\"wp-block-paragraph\">Canc\u00fan, Quintana Roo, 30 de agosto de 2026.\u2014 Con el compromiso de fortalecer la capacitaci\u00f3n profesional, la \u00e9tica jur\u00eddica y la defensa de los derechos humanos, rindi\u00f3 protesta en Canc\u00fan el Consejo Directivo del Colegio Nacional Voces Legales, encabezado por la maestra Miriam Julieta Vargas Laguna.<\/p>\n\n\n\n<p class=\"wp-block-paragraph\">La ceremonia marc\u00f3 el inicio de una nueva etapa institucional para Voces Legales, proyecto que busca convertirse en un espacio plural de encuentro, actualizaci\u00f3n, certificaci\u00f3n y colaboraci\u00f3n entre profesionales del Derecho.<\/p>\n\n\n\n<figure class=\"wp-block-gallery has-nested-images columns-default is-cropped wp-block-gallery-1 is-layout-flex wp-block-gallery-is-layout-flex\">\n<figure class=\"wp-block-image size-large\"><img fetchpriority=\"high\" decoding=\"async\" width=\"1024\" height=\"667\" data-id=\"2996\" src=\"https:\/\/lavozdelanoticia.com\/wp-content\/uploads\/2026\/08\/5a14cab0-4a68-4828-bf7d-b95da1d24f4a-1024x667.jpeg\" alt=\"\" class=\"wp-image-2996\" srcset=\"https:\/\/lavozdelanoticia.com\/wp-content\/uploads\/2026\/08\/5a14cab0-4a68-4828-bf7d-b95da1d24f4a-1024x667.jpeg 1024w, https:\/\/lavozdelanoticia.com\/wp-content\/uploads\/2026\/08\/5a14cab0-4a68-4828-bf7d-b95da1d24f4a-300x196.jpeg 300w, https:\/\/lavozdelanoticia.com\/wp-content\/uploads\/2026\/08\/5a14cab0-4a68-4828-bf7d-b95da1d24f4a-768x501.jpeg 768w, https:\/\/lavozdelanoticia.com\/wp-content\/uploads\/2026\/08\/5a14cab0-4a68-4828-bf7d-b95da1d24f4a.jpeg 1080w\" sizes=\"(max-width: 1024px) 100vw, 1024px\" \/><\/figure>\n\n\n\n<figure class=\"wp-block-image size-large\"><img decoding=\"async\" width=\"1024\" height=\"596\" data-id=\"2997\" src=\"https:\/\/lavozdelanoticia.com\/wp-content\/uploads\/2026\/08\/a961535b-f1d5-4054-b37a-b9ee79539603-1024x596.jpeg\" alt=\"\" class=\"wp-image-2997\" srcset=\"https:\/\/lavozdelanoticia.com\/wp-content\/uploads\/2026\/08\/a961535b-f1d5-4054-b37a-b9ee79539603-1024x596.jpeg 1024w, https:\/\/lavozdelanoticia.com\/wp-content\/uploads\/2026\/08\/a961535b-f1d5-4054-b37a-b9ee79539603-300x175.jpeg 300w, https:\/\/lavozdelanoticia.com\/wp-content\/uploads\/2026\/08\/a961535b-f1d5-4054-b37a-b9ee79539603-768x447.jpeg 768w, https:\/\/lavozdelanoticia.com\/wp-content\/uploads\/2026\/08\/a961535b-f1d5-4054-b37a-b9ee79539603.jpeg 1080w\" sizes=\"(max-width: 1024px) 100vw, 1024px\" \/><\/figure>\n\n\n\n<figure class=\"wp-block-image size-large\"><img decoding=\"async\" width=\"1024\" height=\"659\" data-id=\"2998\" src=\"https:\/\/lavozdelanoticia.com\/wp-content\/uploads\/2026\/08\/6f2f0e3a-74d6-439f-97f4-a52dcfdd03d1-1024x659.jpeg\" alt=\"\" class=\"wp-image-2998\" srcset=\"https:\/\/lavozdelanoticia.com\/wp-content\/uploads\/2026\/08\/6f2f0e3a-74d6-439f-97f4-a52dcfdd03d1-1024x659.jpeg 1024w, https:\/\/lavozdelanoticia.com\/wp-content\/uploads\/2026\/08\/6f2f0e3a-74d6-439f-97f4-a52dcfdd03d1-300x193.jpeg 300w, https:\/\/lavozdelanoticia.com\/wp-content\/uploads\/2026\/08\/6f2f0e3a-74d6-439f-97f4-a52dcfdd03d1-768x494.jpeg 768w, https:\/\/lavozdelanoticia.com\/wp-content\/uploads\/2026\/08\/6f2f0e3a-74d6-439f-97f4-a52dcfdd03d1.jpeg 1080w\" sizes=\"(max-width: 1024px) 100vw, 1024px\" \/><\/figure>\n<\/figure>\n\n\n\n<p class=\"wp-block-paragraph\">Durante el acto tambi\u00e9n fueron reconocidas seis trayectorias por sus aportaciones a la justicia, la legalidad, los derechos humanos, el liderazgo y la sociedad.<\/p>\n\n\n\n<p class=\"wp-block-paragraph\">Al asumir la presidencia del Colegio, Miriam Julieta Vargas Laguna se\u00f1al\u00f3 que el ejercicio del Derecho demanda conocimiento y preparaci\u00f3n, pero tambi\u00e9n \u00e9tica, sensibilidad y responsabilidad, debido a que detr\u00e1s de cada expediente, decisi\u00f3n o proceso existen personas, familias e instituciones que merecen ser atendidas con profesionalismo.<\/p>\n\n\n\n<p class=\"wp-block-paragraph\">\u201cDebemos ejercer con conciencia, con sensibilidad y tambi\u00e9n con amor. Amor por nuestra profesi\u00f3n, entendido como una vocaci\u00f3n de servicio y como la capacidad de mirar al otro con respeto, aun en el conflicto\u201d, expres\u00f3.<\/p>\n\n\n\n<p class=\"wp-block-paragraph\">Agreg\u00f3 que ning\u00fan inter\u00e9s debe colocarse por encima de la dignidad humana y explic\u00f3 que el Colegio tendr\u00e1 como misi\u00f3n impulsar la formaci\u00f3n, actualizaci\u00f3n y certificaci\u00f3n de las y los profesionales del Derecho, as\u00ed como promover una pr\u00e1ctica jur\u00eddica \u00e9tica, responsable y t\u00e9cnicamente s\u00f3lida.<\/p>\n\n\n\n<p class=\"wp-block-paragraph\">Conforman Consejo Consultivo Honorario<\/p>\n\n\n\n<p class=\"wp-block-paragraph\">La ministra de la Suprema Corte de Justicia de la Naci\u00f3n, Yasm\u00edn Esquivel Mossa, preside el Consejo Consultivo Honorario del Colegio Nacional Voces Legales.<\/p>\n\n\n\n<p class=\"wp-block-paragraph\">Este \u00f3rgano tambi\u00e9n est\u00e1 integrado por la magistrada Nayeli del Carmen Sol\u00eds Poot, en la Direcci\u00f3n Acad\u00e9mica; la magistrada Judith Rodr\u00edguez Villanueva, como Enlace Institucional; Mariann Gonz\u00e1lez Pliego Castillo, en Certeza Jur\u00eddica y Modernizaci\u00f3n; el magistrado Jos\u00e9 Luis Zayas Rold\u00e1n, en Honor y \u00c9tica; el juez Roberto Ariel Chan Balam, en Fortalecimiento Institucional; el juez Marcial Laguna Cardona, en Derechos Humanos y Justicia, y Alma Gabriela Arroyo Angulo, en Anticorrupci\u00f3n.<\/p>\n\n\n\n<p class=\"wp-block-paragraph\">Por su parte, el Consejo Directivo es presidido por Miriam Julieta Vargas Laguna y est\u00e1 integrado por Alba Renter\u00eda Alarc\u00f3n, como vicepresidenta; Mario Ram\u00f3n Medina Castillo, como secretario general, y Yaredh Cejudo C\u00f3rdova, como tesorera.<\/p>\n\n\n\n<p class=\"wp-block-paragraph\">Llaman a construir una justicia cercana y humana<\/p>\n\n\n\n<p class=\"wp-block-paragraph\">En un mensaje transmitido de manera virtual, Yasm\u00edn Esquivel felicit\u00f3 a quienes forman parte del nuevo Colegio y destac\u00f3 la responsabilidad de ejercer la profesi\u00f3n con \u00e9tica, integridad y sentido humano.<\/p>\n\n\n\n<p class=\"wp-block-paragraph\">La ministra sostuvo que la labor de quienes ejercen el Derecho debe orientarse a garantizar la efectividad de los derechos fundamentales, principalmente de las personas que se encuentran en condiciones de vulnerabilidad.<\/p>\n\n\n\n<p class=\"wp-block-paragraph\">\u201cCuando la justicia es cercana, accesible y humana, adquiere su verdadero sentido\u201d, manifest\u00f3.<\/p>\n\n\n\n<p class=\"wp-block-paragraph\">Asimismo, consider\u00f3 que el Colegio Nacional Voces Legales puede consolidarse como un espacio de pluralidad, capacitaci\u00f3n, profesionalismo y colaboraci\u00f3n.<\/p>\n\n\n\n<p class=\"wp-block-paragraph\">Destacan responsabilidad frente a la sociedad<\/p>\n\n\n\n<p class=\"wp-block-paragraph\">En representaci\u00f3n de la gobernadora Mara Lezama Espinosa, el titular de la Consejer\u00eda Jur\u00eddica del Poder Ejecutivo, Carlos Fuentes del R\u00edo, afirm\u00f3 que la ceremonia represent\u00f3 mucho m\u00e1s que la instalaci\u00f3n formal de un colegio profesional.<\/p>\n\n\n\n<p class=\"wp-block-paragraph\">Se\u00f1al\u00f3 que su creaci\u00f3n env\u00eda un mensaje de responsabilidad frente a las instituciones, los profesionales del Derecho y la sociedad, especialmente ante las transformaciones que actualmente atraviesa la vida jur\u00eddica del pa\u00eds.<\/p>\n\n\n\n<p class=\"wp-block-paragraph\">Fuentes del R\u00edo destac\u00f3 que el conocimiento de las normas no es suficiente para ejercer el Derecho, pues tambi\u00e9n se requiere comprender las necesidades de las personas que buscan respuestas, garant\u00edas y justicia en las instituciones.<\/p>\n\n\n\n<p class=\"wp-block-paragraph\">A\u00f1adi\u00f3 que Quintana Roo necesita comunidades jur\u00eddicas s\u00f3lidas, capaces de dialogar, construir consensos, elevar la calidad del debate p\u00fablico y mantener al Derecho como una herramienta al servicio de la poblaci\u00f3n.<\/p>\n\n\n\n<p class=\"wp-block-paragraph\">A la ceremonia asistieron representantes de los poderes Ejecutivo y Legislativo, del Tribunal Electoral del Poder Judicial de la Federaci\u00f3n, de la Secretar\u00eda de la Defensa Nacional, la Quinta Regi\u00f3n Naval, la Secretar\u00eda de Seguridad Ciudadana y el Ayuntamiento de Benito Ju\u00e1rez.<\/p>\n","protected":false},"excerpt":{"rendered":"<p>Canc\u00fan, Quintana Roo, 30 de agosto de 2026.\u2014 Con el compromiso de fortalecer la capacitaci\u00f3n profesional, la \u00e9tica<\/p>\n","protected":false},"author":2,"featured_media":2995,"comment_status":"open","ping_status":"open","sticky":false,"template":"","format":"standard","meta":{"footnotes":"","jetpack_publicize_message":"Colegio Nacional Voces Legales rinde protesta en Canc\u00fan\n\nCon el compromiso de impulsar la \u00e9tica, la capacitaci\u00f3n y una justicia m\u00e1s humana, rindi\u00f3 protesta el Consejo Directivo encabezado por Miriam Julieta Vargas Laguna. Durante el evento tambi\u00e9n fueron reconocidas seis destacadas trayectorias.\n\nLee la nota completa en La Voz de la Noticia.\n\n#Canc\u00fan #QuintanaRoo #VocesLegales #Justicia #Legalidad","jetpack_publicize_feature_enabled":true,"jetpack_social_post_already_shared":false,"jetpack_social_options":{"image_generator_settings":{"template":"highway","default_image_id":0,"font":"","enabled":false},"version":2}},"categories":[37,8,31],"tags":[],"class_list":["post-2994","post","type-post","status-publish","format-standard","has-post-thumbnail","hentry","category-benito-juarez","category-cancun","category-qroo"],"jetpack_publicize_connections":[],"_links":{"self":[{"href":"https:\/\/lavozdelanoticia.com\/noticias\/index.php?rest_route=\/wp\/v2\/posts\/2994","targetHints":{"allow":["GET"]}}],"collection":[{"href":"https:\/\/lavozdelanoticia.com\/noticias\/index.php?rest_route=\/wp\/v2\/posts"}],"about":[{"href":"https:\/\/lavozdelanoticia.com\/noticias\/index.php?rest_route=\/wp\/v2\/types\/post"}],"author":[{"embeddable":true,"href":"https:\/\/lavozdelanoticia.com\/noticias\/index.php?rest_route=\/wp\/v2\/users\/2"}],"replies":[{"embeddable":true,"href":"https:\/\/lavozdelanoticia.com\/noticias\/index.php?rest_route=%2Fwp%2Fv2%2Fcomments&post=2994"}],"version-history":[{"count":1,"href":"https:\/\/lavozdelanoticia.com\/noticias\/index.php?rest_route=\/wp\/v2\/posts\/2994\/revisions"}],"predecessor-version":[{"id":2999,"href":"https:\/\/lavozdelanoticia.com\/noticias\/index.php?rest_route=\/wp\/v2\/posts\/2994\/revisions\/2999"}],"wp:featuredmedia":[{"embeddable":true,"href":"https:\/\/lavozdelanoticia.com\/noticias\/index.php?rest_route=\/wp\/v2\/media\/2995"}],"wp:attachment":[{"href":"https:\/\/lavozdelanoticia.com\/noticias\/index.php?rest_route=%2Fwp%2Fv2%2Fmedia&parent=2994"}],"wp:term":[{"taxonomy":"category","embeddable":true,"href":"https:\/\/lavozdelanoticia.com\/noticias\/index.php?rest_route=%2Fwp%2Fv2%2Fcategories&post=2994"},{"taxonomy":"post_tag","embeddable":true,"href":"https:\/\/lavozdelanoticia.com\/noticias\/index.php?rest_route=%2Fwp%2Fv2%2Ftags&post=2994"}],"curies":[{"name":"wp","href":"https:\/\/api.w.org\/{rel}","templated":true}]}}